{"id":2438,"date":"2012-10-10T11:13:48","date_gmt":"2012-10-10T09:13:48","guid":{"rendered":"http:\/\/www.tagungshotels-online.de\/blog\/?p=2438"},"modified":"2012-10-10T11:13:48","modified_gmt":"2012-10-10T09:13:48","slug":"best-western-schickt-azubi-auf-grose-weltreise","status":"publish","type":"post","link":"https:\/\/www.tagungshotels-online.de\/blog\/2012\/10\/best-western-schickt-azubi-auf-grose-weltreise\/","title":{"rendered":"Best Western schickt Azubi auf gro\u00dfe Weltreise"},"content":{"rendered":"<p><em>Best Western hat Florian Rommel, Mitarbeiter im Best Western Hanse Hotel Warnem\u00fcnde, im Rahmen der TV-Sendung \u201eVerr\u00fcckt nach Meer\u201c auf gro\u00dfe Weltreise geschickt: Vom 11. Oktober 2012 an werden die neuen Folgen der ARD-Serie ausgestrahlt, in denen der 25-J\u00e4hrige als Hotelpraktikant an Bord des Kreuzfahrtschiffes MS Albatros zu sehen ist.<\/em><\/p>\n<p><strong>Eschborn, 10. Oktober 2012.<\/strong> Auf gro\u00dfer Fahrt: Best Western hat Florian Rommel, Rezeptionsmitarbeiter aus dem Best Western Hanse Hotel Warnem\u00fcnde in Rostock-Warnem\u00fcnde, auf eine zweimonatige Weltreise geschickt. Im Rahmen der ARD-Sendung \u201eVerr\u00fcckt nach Meer\u201c hat der 25-J\u00e4hrige zwei Monate lang als Hotelpraktikant auf dem Kreuzfahrtschiff MS Albatros gearbeitet. Die neuen Folgen der Serie werden vom 11. Oktober 2012 an montags bis freitags um jeweils 16.10 Uhr im Ersten Deutschen Fernsehen ausgestrahlt. <!--more--><\/p>\n<p>Der gelernte Hotelfachmann, der im Best Western Hanse Hotel Warnem\u00fcnde zum Zeitpunkt der Dreharbeiten im dritten Lehrjahr t\u00e4tig war, ist vom Hotel f\u00fcr die Dauer des Praktikums auf See freigestellt worden und profitiert nun von seinen Erfahrungen. \u201eDie Reise hat mir w\u00e4hrend der Ausbildung einen einzigartigen Blick \u00fcber den Tellerrand erm\u00f6glicht und mich beruflich enorm vorangebracht\u201c, berichtet Rommel. \u201eDinge und Abl\u00e4ufe, die ich in der Hotelausbildung erlernt habe, konnte ich in einem anderen Umfeld auf dem Schiff anwenden und in neuen Situationen dazulernen. Pers\u00f6nlich haben mich besonders die zahlreichen L\u00e4nder und verschiedenen Kulturen beeindruckt, die ich sonst nie h\u00e4tte erleben k\u00f6nnen.\u201c Nach seiner R\u00fcckkehr legte Florian Rommel seine Abschlusspr\u00fcfung als Hotelfachmann ab und arbeitet seitdem als Mitarbeiter an der Rezeption seines Vier-Sterne-Ausbildungshotels an der Ostsee.<\/p>\n<p>Die zweimonatige Kreuzfahrt f\u00fcr die ARD-Serie \u201eVerr\u00fcckt nach Meer\u201c f\u00fchrte die 830 Passagiere und 340 Besatzungsmitglieder der MS Albatros quer \u00fcber den Atlantischen Ozean: von Bremerhaven \u00fcber Marokko und Mauretanien nach Westafrika, bevor es auf dem Amazonas in Brasilien weiterging. \u00dcber Venezuela ging es \u00fcber die Karibik und weiter \u00fcber St. Lucia, die Virgin Islands und die Kleinen Antillen. Die R\u00fcckfahrt f\u00fchrte \u00fcber Portugal in den Hamburger Hafen. W\u00e4hrend der kompletten Reise begleitete ein Kamerateam ausgew\u00e4hlte Crewmitglieder und G\u00e4ste bei ihren T\u00e4tigkeiten und Erlebnissen.<\/p>\n<p>Weitere Informationen unter <a href=\"http:\/\/www.daserste.de\/verruecktnachmeer\/\" target=\"_blank\">www.daserste.de\/verruecktnachmeer\/<\/a>.<\/p>\n","protected":false},"excerpt":{"rendered":"<p>Best Western hat Florian Rommel, Mitarbeiter im Best Western Hanse Hotel Warnem\u00fcnde, im Rahmen der TV-Sendung \u201eVerr\u00fcckt nach Meer\u201c auf gro\u00dfe Weltreise geschickt: Vom 11. Oktober 2012 an werden die neuen Folgen der ARD-Serie ausgestrahlt, in denen der 25-J\u00e4hrige als &hellip; <a href=\"https:\/\/www.tagungshotels-online.de\/blog\/2012\/10\/best-western-schickt-azubi-auf-grose-weltreise\/\">Weiterlesen <span class=\"meta-nav\">&rarr;<\/span><\/a><\/p>\n","protected":false},"author":2,"featured_media":0,"comment_status":"closed","ping_status":"closed","sticky":false,"template":"","format":"standard","meta":{"footnotes":""},"categories":[1,5,8],"tags":[],"class_list":["post-2438","post","type-post","status-publish","format-standard","hentry","category-allgemein","category-hotels","category-redaktion"],"_links":{"self":[{"href":"https:\/\/www.tagungshotels-online.de\/blog\/wp-json\/wp\/v2\/posts\/2438","targetHints":{"allow":["GET"]}}],"collection":[{"href":"https:\/\/www.tagungshotels-online.de\/blog\/wp-json\/wp\/v2\/posts"}],"about":[{"href":"https:\/\/www.tagungshotels-online.de\/blog\/wp-json\/wp\/v2\/types\/post"}],"author":[{"embeddable":true,"href":"https:\/\/www.tagungshotels-online.de\/blog\/wp-json\/wp\/v2\/users\/2"}],"replies":[{"embeddable":true,"href":"https:\/\/www.tagungshotels-online.de\/blog\/wp-json\/wp\/v2\/comments?post=2438"}],"version-history":[{"count":1,"href":"https:\/\/www.tagungshotels-online.de\/blog\/wp-json\/wp\/v2\/posts\/2438\/revisions"}],"predecessor-version":[{"id":2439,"href":"https:\/\/www.tagungshotels-online.de\/blog\/wp-json\/wp\/v2\/posts\/2438\/revisions\/2439"}],"wp:attachment":[{"href":"https:\/\/www.tagungshotels-online.de\/blog\/wp-json\/wp\/v2\/media?parent=2438"}],"wp:term":[{"taxonomy":"category","embeddable":true,"href":"https:\/\/www.tagungshotels-online.de\/blog\/wp-json\/wp\/v2\/categories?post=2438"},{"taxonomy":"post_tag","embeddable":true,"href":"https:\/\/www.tagungshotels-online.de\/blog\/wp-json\/wp\/v2\/tags?post=2438"}],"curies":[{"name":"wp","href":"https:\/\/api.w.org\/{rel}","templated":true}]}}