{"id":2685,"date":"2013-02-05T17:06:24","date_gmt":"2013-02-05T16:06:24","guid":{"rendered":"http:\/\/www.tagungshotels-online.de\/blog\/?p=2685"},"modified":"2013-02-05T17:06:24","modified_gmt":"2013-02-05T16:06:24","slug":"best-western-plus-atrium-hotel-ulm-40-000-euro-in-tagungsraume-investiert","status":"publish","type":"post","link":"https:\/\/www.tagungshotels-online.de\/blog\/2013\/02\/best-western-plus-atrium-hotel-ulm-40-000-euro-in-tagungsraume-investiert\/","title":{"rendered":"BEST WESTERN PLUS Atrium Hotel Ulm: 40.000 Euro in Tagungsr\u00e4ume investiert"},"content":{"rendered":"<p><b><i>Innerhalb von zwei Wochen hat das Best Western Plus Atrium Hotel in Ulm seine Tagungsr\u00e4ume umfassend renoviert, und daf\u00fcr insgesamt 40.000 Euro investiert. Das Vier-Sterne-Hotel legte im Zuge der Renovierung noch mehr Wert auf Funktionalit\u00e4t und Wohlf\u00fchlatmosph\u00e4re im Tagungsbereich.<\/i><\/b><\/p>\n<p><b>Ulm, 5. Februar 2013. <\/b>\u00dcber komplett renovierte Konferenzr\u00e4ume in der ersten Etage k\u00f6nnen sich die Tagungsg\u00e4ste des Best Western Plus Atrium Hotel in Ulm freuen. F\u00fcr 40.000 Euro und in nur zwei Wochen wurden die R\u00e4ume umfassend modernisiert. Zu den Umbauma\u00dfnahmen geh\u00f6rte unter anderem der Einbau einer Akustikdecke. Farbakzente an den W\u00e4nden und stilvolle Lampen lassen die R\u00e4ume in neuem Glanz erstrahlen. Weiter wurde umfassend in die technische Ausstattung investiert.<\/p>\n<div id=\"attachment_2686\" style=\"width: 529px\" class=\"wp-caption alignnone\"><img loading=\"lazy\" decoding=\"async\" aria-describedby=\"caption-attachment-2686\" class=\"size-full wp-image-2686\" alt=\"BEST WESTERN PLUS Atrium Hotel Ulm: 40.000 Euro in Tagungsr\u00e4ume investiert\" src=\"http:\/\/www.tagungshotels-online.de\/blog\/wp-content\/uploads\/2013\/02\/Anna_Essinger-Saal_neu-e1360080315622.jpg\" width=\"519\" height=\"254\" \/><p id=\"caption-attachment-2686\" class=\"wp-caption-text\">BEST WESTERN PLUS Atrium Hotel Ulm: 40.000 Euro in Tagungsr\u00e4ume<br \/>investiert<\/p><\/div>\n<p>Durch die Renovierung seines Tagungsbereichs setzt das Vier-Sterne-Hotel in Zukunft neben Funktionalit\u00e4t verst\u00e4rkt auf Wohlf\u00fchlatmosph\u00e4re und moderne technische Ausstattung. \u201eF\u00fcr unsere Tagungsg\u00e4ste, eine unserer wichtigsten Zielgruppen, wollen wir ein positives Erlebnis in unserem Haus sicherstellen\u201c, erkl\u00e4rt Hotel-Gesch\u00e4ftsf\u00fchrer Oliver Schreiber. Bereits im Zuge der \u00dcbernahme des Hotels durch Schreiber im Jahr 2009 wurden die R\u00e4umlichkeiten umgebaut und 2011 vergr\u00f6\u00dfert. Insgesamt verf\u00fcgt das Best Western Plus Atrium Hotel \u00fcber acht Tagungsr\u00e4ume.\u00a0<!--more--><\/p>\n<p>Neben dem Tagungsgesch\u00e4ft finden auch Events in den R\u00e4umlichkeiten statt. So bietet beispielsweise der Anna Essinger Saal als gr\u00f6\u00dfter Raum Platz f\u00fcr bis zu 120 Personen. \u201eOb Produktpr\u00e4sentationen, Familienfeiern oder Hochzeiten \u2013 hier k\u00f6nnen Veranstaltungen aller Art abgehalten werden\u201c, sagt Schreiber.<\/p>\n<p>Das Best Western Plus Atrium Hotel liegt zentral in der N\u00e4he der Ulmer Innenstadt und des Ulmer Messezentrums. Es verf\u00fcgt \u00fcber 72 Zimmer sowie einen neuen Kardio- und Saunabereich. Das Restaurant Siedepunkt bietet neu interpretierte regionale Spezialit\u00e4ten und wurde erst k\u00fcrzlich mit zwei Kochl\u00f6ffeln vom Schlemmer Atlas ausgezeichnet.<\/p>\n<p><b>Pressekontakt im Hotel:<\/p>\n<p><\/b>BEST WESTERN PLUS Atrium Hotel<br \/>\n\u00dcmm\u00fchan Yapucu, Assistenz der Gesch\u00e4ftsf\u00fchrung<br \/>\nEberhard-Finckh-Stra\u00dfe 17, 89075 Ulm<br \/>\nTel: 0731 9271-671; Fax: -672<br \/>\nE-Mail: <a href=\"mailto:uey@meinbestwesternulm.de\" target=\"_blank\">uey@meinbestwesternulm.de<\/a><br \/>\nInternet: <a href=\"http:\/\/www.meinbestwesternulm.de\" target=\"_blank\">www.meinbestwesternulm.de<\/a><\/p>\n","protected":false},"excerpt":{"rendered":"<p>Innerhalb von zwei Wochen hat das Best Western Plus Atrium Hotel in Ulm seine Tagungsr\u00e4ume umfassend renoviert, und daf\u00fcr insgesamt 40.000 Euro investiert. Das Vier-Sterne-Hotel legte im Zuge der Renovierung noch mehr Wert auf Funktionalit\u00e4t und Wohlf\u00fchlatmosph\u00e4re im Tagungsbereich. Ulm, &hellip; <a href=\"https:\/\/www.tagungshotels-online.de\/blog\/2013\/02\/best-western-plus-atrium-hotel-ulm-40-000-euro-in-tagungsraume-investiert\/\">Weiterlesen <span class=\"meta-nav\">&rarr;<\/span><\/a><\/p>\n","protected":false},"author":2,"featured_media":0,"comment_status":"closed","ping_status":"closed","sticky":false,"template":"","format":"standard","meta":{"footnotes":""},"categories":[1,5,8],"tags":[],"class_list":["post-2685","post","type-post","status-publish","format-standard","hentry","category-allgemein","category-hotels","category-redaktion"],"_links":{"self":[{"href":"https:\/\/www.tagungshotels-online.de\/blog\/wp-json\/wp\/v2\/posts\/2685","targetHints":{"allow":["GET"]}}],"collection":[{"href":"https:\/\/www.tagungshotels-online.de\/blog\/wp-json\/wp\/v2\/posts"}],"about":[{"href":"https:\/\/www.tagungshotels-online.de\/blog\/wp-json\/wp\/v2\/types\/post"}],"author":[{"embeddable":true,"href":"https:\/\/www.tagungshotels-online.de\/blog\/wp-json\/wp\/v2\/users\/2"}],"replies":[{"embeddable":true,"href":"https:\/\/www.tagungshotels-online.de\/blog\/wp-json\/wp\/v2\/comments?post=2685"}],"version-history":[{"count":2,"href":"https:\/\/www.tagungshotels-online.de\/blog\/wp-json\/wp\/v2\/posts\/2685\/revisions"}],"predecessor-version":[{"id":2688,"href":"https:\/\/www.tagungshotels-online.de\/blog\/wp-json\/wp\/v2\/posts\/2685\/revisions\/2688"}],"wp:attachment":[{"href":"https:\/\/www.tagungshotels-online.de\/blog\/wp-json\/wp\/v2\/media?parent=2685"}],"wp:term":[{"taxonomy":"category","embeddable":true,"href":"https:\/\/www.tagungshotels-online.de\/blog\/wp-json\/wp\/v2\/categories?post=2685"},{"taxonomy":"post_tag","embeddable":true,"href":"https:\/\/www.tagungshotels-online.de\/blog\/wp-json\/wp\/v2\/tags?post=2685"}],"curies":[{"name":"wp","href":"https:\/\/api.w.org\/{rel}","templated":true}]}}