{"id":3120,"date":"2013-09-03T12:19:59","date_gmt":"2013-09-03T10:19:59","guid":{"rendered":"http:\/\/www.tagungshotels-online.de\/blog\/?p=3120"},"modified":"2013-09-03T12:19:59","modified_gmt":"2013-09-03T10:19:59","slug":"swiss-office-management-am-11-und-12-september-in-zuerich","status":"publish","type":"post","link":"https:\/\/www.tagungshotels-online.de\/blog\/2013\/09\/swiss-office-management-am-11-und-12-september-in-zuerich\/","title":{"rendered":"Swiss Office Management am 11. und 12. September in Z\u00fcrich"},"content":{"rendered":"<p><img loading=\"lazy\" decoding=\"async\" class=\"alignleft\" alt=\"\" src=\"http:\/\/www.swiss-office-management.ch\/content\/SwissOfficeManagement_web_ger.jpg\" width=\"170\" height=\"82\" \/>Austausch mit Kollegen und Experten, Marktnews und Weiterbildung speziell f\u00fcr die moderne Assistenz stehen im Fokus der <b>2. Fachmesse f\u00fcr Sekretariat &amp; Management Assistenz, die vom 11. bis 12. September in der Messe Z\u00fcrich, Halle 9<\/b> stattfindet. Dazu stehen neben den St\u00e4nden der Aussteller die kollegialen Gespr\u00e4chsrunden am MeetingPoint sowie die Vortr\u00e4ge in den beiden Praxisforen zur Verf\u00fcgung. Glanzpunkte hier sind die vier Keynote Speaker Ilona Lindenau, Slatco Sterzenbach, Johannes Hennekeuser und Meike Wilmowicz.<\/p>\n<p>Um pers\u00f6nliche Kompetenzen weiterzuentwickeln und sich neues Fachwissen anzueignen, gibt es au\u00dferdem praxisnahe Weiterbildungsworkshops. Die Kurse, zum Beispiel zu Themen wie Online-Marketing, interkultureller Kompetenz oder Beschwerdemanagement, sind separat buchbar und runden das Messeangebot ab. Workshop-Buchungen sind \u00fcber die Webseite <a href=\"http:\/\/www.sekretaria.de\/sale123\/eos5_apps\/eos_multimail\/bin\/link.php?mmid=2&amp;rid=84982&amp;lid=65682&amp;lnr=3\" target=\"_blank\">www.swiss-office-management.ch\/workshops<\/a> m\u00f6glich.<\/p>\n<p><strong>Veranstaltung<\/strong><br \/>\nSwiss Office Management 2013, Fachmesse f\u00fcr Sekretariat &amp; Management Assistenz<\/p>\n<p><strong>Termin<\/strong><br \/>\nMittwoch, 11. September 2013 &#8211; 9.00 &#8211; 17.30 Uhr<br \/>\nDonnerstag, 12. September 2013 &#8211; 9.00 &#8211; 17.30 Uhr<\/p>\n<p><strong>Veranstaltungsort<\/strong><br \/>\nMesse Z\u00fcrich<br \/>\nHalle 9<br \/>\nThurgauerstrasse 11<br \/>\nCH-8050 Z\u00fcrich<\/p>\n<p><strong>Eintrittspreise<\/strong><br \/>\n1 Tag \/ 2 Tage<br \/>\nKauf einer Eintrittskarte vor Ort 12,- CHF \/ 24,- CHF<br \/>\nBestellung eines e-Tickets online 6,- CHF \u00a0\/ 12,- CHF<br \/>\nGutschein f\u00fcr ein erm\u00e4\u00dfigtes Ticket 6,- CHF \/ 12,- CHF<\/p>\n<p>Preise verstehen sich inkl. Praxisforen und Messekatalog.<\/p>\n<p><strong>Veranstalter<\/strong><br \/>\nb\u00f8rding Expositions SA<br \/>\nFirststrasse 15<br \/>\nCH-8835 Feusisberg<\/p>\n<p><a href=\"http:\/\/www.swiss-office-management.ch\" target=\"_blank\">www.swiss-office-management.ch<\/a><\/p>\n","protected":false},"excerpt":{"rendered":"<p>Austausch mit Kollegen und Experten, Marktnews und Weiterbildung speziell f\u00fcr die moderne Assistenz stehen im Fokus der 2. Fachmesse f\u00fcr Sekretariat &amp; Management Assistenz, die vom 11. bis 12. September in der Messe Z\u00fcrich, Halle 9 stattfindet. Dazu stehen neben &hellip; <a href=\"https:\/\/www.tagungshotels-online.de\/blog\/2013\/09\/swiss-office-management-am-11-und-12-september-in-zuerich\/\">Weiterlesen <span class=\"meta-nav\">&rarr;<\/span><\/a><\/p>\n","protected":false},"author":2,"featured_media":0,"comment_status":"closed","ping_status":"closed","sticky":false,"template":"","format":"standard","meta":{"footnotes":""},"categories":[1,12],"tags":[],"class_list":["post-3120","post","type-post","status-publish","format-standard","hentry","category-allgemein","category-veranstaltungen"],"_links":{"self":[{"href":"https:\/\/www.tagungshotels-online.de\/blog\/wp-json\/wp\/v2\/posts\/3120","targetHints":{"allow":["GET"]}}],"collection":[{"href":"https:\/\/www.tagungshotels-online.de\/blog\/wp-json\/wp\/v2\/posts"}],"about":[{"href":"https:\/\/www.tagungshotels-online.de\/blog\/wp-json\/wp\/v2\/types\/post"}],"author":[{"embeddable":true,"href":"https:\/\/www.tagungshotels-online.de\/blog\/wp-json\/wp\/v2\/users\/2"}],"replies":[{"embeddable":true,"href":"https:\/\/www.tagungshotels-online.de\/blog\/wp-json\/wp\/v2\/comments?post=3120"}],"version-history":[{"count":1,"href":"https:\/\/www.tagungshotels-online.de\/blog\/wp-json\/wp\/v2\/posts\/3120\/revisions"}],"predecessor-version":[{"id":3121,"href":"https:\/\/www.tagungshotels-online.de\/blog\/wp-json\/wp\/v2\/posts\/3120\/revisions\/3121"}],"wp:attachment":[{"href":"https:\/\/www.tagungshotels-online.de\/blog\/wp-json\/wp\/v2\/media?parent=3120"}],"wp:term":[{"taxonomy":"category","embeddable":true,"href":"https:\/\/www.tagungshotels-online.de\/blog\/wp-json\/wp\/v2\/categories?post=3120"},{"taxonomy":"post_tag","embeddable":true,"href":"https:\/\/www.tagungshotels-online.de\/blog\/wp-json\/wp\/v2\/tags?post=3120"}],"curies":[{"name":"wp","href":"https:\/\/api.w.org\/{rel}","templated":true}]}}