{"id":3854,"date":"2014-12-19T11:45:50","date_gmt":"2014-12-19T10:45:50","guid":{"rendered":"http:\/\/www.tagungshotels-online.de\/blog\/?p=3854"},"modified":"2014-12-19T11:49:10","modified_gmt":"2014-12-19T10:49:10","slug":"der-seehof-in-ratzeburg-meldet-renovierungsfinale","status":"publish","type":"post","link":"https:\/\/www.tagungshotels-online.de\/blog\/2014\/12\/der-seehof-in-ratzeburg-meldet-renovierungsfinale\/","title":{"rendered":"Der Seehof in Ratzeburg meldet Renovierungsfinale"},"content":{"rendered":"<p><img loading=\"lazy\" decoding=\"async\" class=\"alignnone\" src=\"https:\/\/www.tagungshotels-online.de\/Pressebilder\/Der-Seehof-_52_.jpg\" alt=\"\" width=\"600\" height=\"399\" \/><\/p>\n<p><strong>Ratzeburg, 17.12.2014<\/strong> &#8211; die Schlichting Hotel GBR, seit Januar 2013 Eigent\u00fcmer des 1969 gegr\u00fcndeten Hotels \u201eDer Seehof\u201c in Ratzeburg, freut sich, das Ende der umfassenden Renovierungsma\u00dfnahmen bekannt zu geben. \u201eEs war eine schlafende Sch\u00f6nheit mit gro\u00dfem Potential. Nun entwickelt sich unser 4-Sterne Hotel zur Perle am K\u00fcchensee\u201c freuen sich Karl und Bettina Schlichting, Eigent\u00fcmer des mit rund 1,7 Mio. Euro modernisierten Hotels.<strong><br \/>\n<\/strong><\/p>\n<p><img loading=\"lazy\" decoding=\"async\" class=\"alignnone\" src=\"https:\/\/www.tagungshotels-online.de\/Pressebilder\/Der-Seehof_tagung.jpg\" alt=\"\" width=\"600\" height=\"400\" \/><\/p>\n<p>Rund 18 Monate nach dem Erwerb des Seehofs konnten Sanierung, Renovierung und Neupositionierung des Hotels im September 2014 erfolgreich abgeschlossen werden.<\/p>\n<p><img loading=\"lazy\" decoding=\"async\" class=\"alignnone\" src=\"https:\/\/www.tagungshotels-online.de\/Pressebilder\/Der-Seehof-_32_.jpg\" alt=\"\" width=\"600\" height=\"399\" \/><\/p>\n<p>Der gro\u00dfz\u00fcgig dimensionierte Bankettbereich mit Blick \u00fcber den idyllischen K\u00fcchensee wurde durch das anspruchsvoll gestaltete Interieur und die Klimatisierung zu einer zeitgem\u00e4\u00dfen Location f\u00fcr Business- und Familien-Treffen. Ebenso erhielten Restaurant, Wintergarten und Sonnenterasse eine umfassende Modernisierung. \u201eUnser Partner JOI Design hat hier wieder sein Fingerspitzengef\u00fchl f\u00fcr Farbkombination und die Liebe zu echten, nat\u00fcrlichen Materialien bewiesen. Diese Authentizit\u00e4t und der unaufgeregte Stil tun einfach gut\u201c,\u00a0 sagt Karl Schlichting und erg\u00e4nzt: \u201eDen \u00f6ffentlichen Bereich und 50 Zimmer im laufenden Betrieb sukzessive zu renovieren, verlangte von allen Beteiligten ein H\u00f6chstma\u00df an Perfektion \u2013 schlie\u00dflich sollte alles m\u00f6glichst unbemerkt von unseren Hotelg\u00e4sten geschehen. Aber auch hier waren JOI Design und meine Hotel-Mannschaft einfach top.\u201c <!--more--><\/p>\n<p>Ebenfalls renoviert wurden die Au\u00dfenfassade inklusive der Beleuchtung sowie der hoteleigene Boots- und Badesteg. Parallel zu den optischen und technischen Optimierungen wurden Service und K\u00fcche deutlich verbessert und erf\u00fcllen nun h\u00f6chste Anspr\u00fcche. \u201eMan ist nie fertig, denn wir wollen auch k\u00fcnftig den sich wechselnden Erwartungen unserer G\u00e4ste entsprechen oder sie m\u00f6glichst oft \u00fcbertreffen. Aber der L\u00f6wenanteil ist geschafft \u2013 was jetzt noch folgt ist das Fine-Tuning\u201c, sagt Karl Schlichting und Hoteldirektor Patrick Wulf erg\u00e4nzt: \u201eIch sehe der Zukunft und vielen zufriedenen Seehof-G\u00e4sten mit der Vorfreude eines Gastgebers entgegen, der wei\u00df, dass die G\u00e4ste unter seinem Dach eine gute Zeit erwartet und dass wir unsere G\u00e4ste begeistern werden\u201c.<\/p>\n<p>Mit den \u00e4u\u00dferst positiven Umsatzzuw\u00e4chsen von rund 25% plus verglichen mit dem jeweiligen Monat des Vorjahres und einer durchschnittlichen Auslastung von \u00fcber 55% Tendenz steigend, steht der Seehof auf solider finanzieller Basis. Viele Stammg\u00e4ste sind bereits gewonnen und auch bei Hochzeitsgesellschaften, Kurzurlaubern und Managern hat sich herumgesprochen, dass es rund ca. 60 km \u00f6stlich von Hamburg im Naturpark Lauenburgische Seen ein kleines Hotel-Juwel gibt.<\/p>\n<p><strong>Hotel &#8222;Der Seehof&#8220;<\/strong><br \/>\nRatzeburger Hotel Kontor GmbH \u2219 L\u00fcneburger Damm 1-3 \u2219 23909 Ratzeburg<br \/>\nTel.: 0 45 41 &#8211; 86 01 86 \u2219 Fax: 0 45 41 &#8211; 86 01 02 \u00b7 Email: <a href=\"http:\/\/www.der-seehof.de\/\" target=\"_blank\">ds@der-seehof.de<br \/>\nwww.der-seehof.de<\/a> \u00b7 <a href=\"http:\/\/www.facebook.com\/HotelDerSeehof\" target=\"_blank\">www.facebook.com\/HotelDerSeehof<\/a><\/p>\n","protected":false},"excerpt":{"rendered":"<p>Ratzeburg, 17.12.2014 &#8211; die Schlichting Hotel GBR, seit Januar 2013 Eigent\u00fcmer des 1969 gegr\u00fcndeten Hotels \u201eDer Seehof\u201c in Ratzeburg, freut sich, das Ende der umfassenden Renovierungsma\u00dfnahmen bekannt zu geben. \u201eEs war eine schlafende Sch\u00f6nheit mit gro\u00dfem Potential. Nun entwickelt sich &hellip; <a href=\"https:\/\/www.tagungshotels-online.de\/blog\/2014\/12\/der-seehof-in-ratzeburg-meldet-renovierungsfinale\/\">Weiterlesen <span class=\"meta-nav\">&rarr;<\/span><\/a><\/p>\n","protected":false},"author":2,"featured_media":0,"comment_status":"closed","ping_status":"closed","sticky":false,"template":"","format":"standard","meta":{"footnotes":""},"categories":[5,8],"tags":[],"class_list":["post-3854","post","type-post","status-publish","format-standard","hentry","category-hotels","category-redaktion"],"_links":{"self":[{"href":"https:\/\/www.tagungshotels-online.de\/blog\/wp-json\/wp\/v2\/posts\/3854","targetHints":{"allow":["GET"]}}],"collection":[{"href":"https:\/\/www.tagungshotels-online.de\/blog\/wp-json\/wp\/v2\/posts"}],"about":[{"href":"https:\/\/www.tagungshotels-online.de\/blog\/wp-json\/wp\/v2\/types\/post"}],"author":[{"embeddable":true,"href":"https:\/\/www.tagungshotels-online.de\/blog\/wp-json\/wp\/v2\/users\/2"}],"replies":[{"embeddable":true,"href":"https:\/\/www.tagungshotels-online.de\/blog\/wp-json\/wp\/v2\/comments?post=3854"}],"version-history":[{"count":5,"href":"https:\/\/www.tagungshotels-online.de\/blog\/wp-json\/wp\/v2\/posts\/3854\/revisions"}],"predecessor-version":[{"id":3859,"href":"https:\/\/www.tagungshotels-online.de\/blog\/wp-json\/wp\/v2\/posts\/3854\/revisions\/3859"}],"wp:attachment":[{"href":"https:\/\/www.tagungshotels-online.de\/blog\/wp-json\/wp\/v2\/media?parent=3854"}],"wp:term":[{"taxonomy":"category","embeddable":true,"href":"https:\/\/www.tagungshotels-online.de\/blog\/wp-json\/wp\/v2\/categories?post=3854"},{"taxonomy":"post_tag","embeddable":true,"href":"https:\/\/www.tagungshotels-online.de\/blog\/wp-json\/wp\/v2\/tags?post=3854"}],"curies":[{"name":"wp","href":"https:\/\/api.w.org\/{rel}","templated":true}]}}