{"id":4717,"date":"2017-08-16T11:01:15","date_gmt":"2017-08-16T09:01:15","guid":{"rendered":"https:\/\/www.tagungshotels-online.de\/blog\/?p=4717"},"modified":"2017-08-16T11:01:15","modified_gmt":"2017-08-16T09:01:15","slug":"carsten-dressler-uebernimmt-leitung-im-dorint-pallas-wiesbaden","status":"publish","type":"post","link":"https:\/\/www.tagungshotels-online.de\/blog\/2017\/08\/carsten-dressler-uebernimmt-leitung-im-dorint-pallas-wiesbaden\/","title":{"rendered":"Carsten Dressler \u00fcbernimmt Leitung im Dorint Pallas Wiesbaden"},"content":{"rendered":"<h1>General Manager wechselt von Augsburg in die hessische Landeshauptstadt<\/h1>\n<p><strong>Wiesbaden, 16.08.2017<\/strong> &#8211; Seit 2013 ist Carsten Dressler als General Manager f\u00fcr Dorint Hotels &amp; Resorts t\u00e4tig. Gestartet hat der geb\u00fcrtige Mannheimer seine Karriere mit einer Ausbildung zum Hotelfachmann im Dorint Kongress Hotel Mannheim vor genau 20 Jahren. Nach diversen Stationen als stellvertretender Direktor des Dorint Main Taunus Zentrum \u00fcber Kaiserslautern und Bad Neuenahr war er zuletzt im Dorint An der Kongresshalle Augsburg besch\u00e4ftigt. Nach gut zwei Jahren wechselt er zum dem 2. August 2017 nun erstmals nach Wiesbaden.<\/p>\n<div id=\"attachment_4718\" style=\"width: 810px\" class=\"wp-caption alignleft\"><img loading=\"lazy\" decoding=\"async\" aria-describedby=\"caption-attachment-4718\" class=\"wp-image-4718 size-full\" src=\"https:\/\/www.tagungshotels-online.de\/blog\/wp-content\/uploads\/2017\/08\/Dressler_Carsten_Fotograf-Klaus-Bittner_bearb..jpg\" alt=\"\" width=\"800\" height=\"1067\" srcset=\"https:\/\/www.tagungshotels-online.de\/blog\/wp-content\/uploads\/2017\/08\/Dressler_Carsten_Fotograf-Klaus-Bittner_bearb..jpg 800w, https:\/\/www.tagungshotels-online.de\/blog\/wp-content\/uploads\/2017\/08\/Dressler_Carsten_Fotograf-Klaus-Bittner_bearb.-225x300.jpg 225w, https:\/\/www.tagungshotels-online.de\/blog\/wp-content\/uploads\/2017\/08\/Dressler_Carsten_Fotograf-Klaus-Bittner_bearb.-768x1024.jpg 768w\" sizes=\"auto, (max-width: 800px) 100vw, 800px\" \/><p id=\"caption-attachment-4718\" class=\"wp-caption-text\">Hoteldirektor Carsten Dressler wechselt von Augsburg ins Dorint Pallas Wiesbaden und freut sich auf die neuen Aufgaben als General Manager in der hessischen Landeshauptstadt. Fotograf: Klaus Bittner \u2013 Abdruck honorarfrei \u2013 Dorint Hotels &amp; Resorts<\/p><\/div>\n<p>\u201eIch freue mich au\u00dferordentlich auf die neuen Aufgaben und ganz besonders auf das Team in Wiesbaden, das ich vorab schon kennen und sch\u00e4tzen lernen durfte\u201c, blickt Carsten Dressler (40) voraus. \u201eAuch die Landeshauptstadt selbst mit ihren Sehensw\u00fcrdigkeiten ist faszinierend, angefangen vom Schlossplatz, \u00fcber die zahlreichen Denkm\u00e4ler bis hin zu Kurhaus und Casino in unmittelbarer N\u00e4he zu unserem Haus.\u201c <!--more--><\/p>\n<p><strong>Vorbildliches Dorint Haus in bedeutender Stadt<\/strong><br \/>\nEbenso die Anbindung an das Staatstheater und das Museum mit seiner Naturhistorischen Sammlung macht das Dorint Pallas Wiesbaden zu einem zentralen Haus in der Region \u2013 zumal die Stadt mit ihren 15 Mineral- und Thermal-Quellen als eines der \u00e4ltesten Kurb\u00e4der Europas gilt. Die leisen und feingeistigen T\u00f6ne im Leben wei\u00df Dressler ebenfalls zu sch\u00e4tzen: \u201eWiesbaden hat in jeder Hinsicht eine Menge zu bieten. Das wollen wir mit dem Dorint Pallas unterstreichen. Die Belegschaft des Hauses ist top \u2013 und mit ihnen will ich die vielf\u00e4ltige Gastronomie und die multifunktionalen Veranstaltungsr\u00e4ume des Hauses in optimaler Form nutzen, damit sich die G\u00e4ste auch weiterhin aufs Herzlichste betreut f\u00fchlen,\u201c umrei\u00dft der frischgek\u00fcrte Hoteldirektor die Zukunft des Dorint Pallas Wiesbaden.<\/p>\n<p><strong>Dorint Pallas Wiesbaden<\/strong><br \/>\nDas Dorint Pallas Wiesbaden liegt ruhig im Herzen der Stadt und ist nur wenige Schritte vom Kurhaus\/Casino und der Innenstadt entfernt. Das moderne F\u00fcnf-Sterne-Hotel hat 297 Zimmer, davon 30 Suiten. Mit seinen 13 multifunktionalen Veranstaltungsr\u00e4umen und Platz f\u00fcr bis zu 1.500 Personen verf\u00fcgt das Hotel \u00fcber die gr\u00f6\u00dfte Zimmer- und Tagungskapazit\u00e4t Wiesbadens. Der 400 Quadratmeter gro\u00dfe Wellnessbereich sowie die vielf\u00e4ltige Gastronomie sorgen f\u00fcr perfektes Wohlbefinden.<\/p>\n<p>Die Neue Dorint GmbH mit Sitz in K\u00f6ln betreibt mit der Marke Dorint Hotels &amp; Resorts europaweit 39 H\u00e4user. Rund 3.300 Mitarbeiter in Deutschland, in den Niederlanden und in der Schweiz leben herzliche und nat\u00fcrliche Gastlichkeit. Dorint Hotels &amp; Resorts geh\u00f6rt zu den f\u00fchrenden Hotelketten auf dem deutschen Markt.<\/p>\n<p>www.dorint.com<\/p>\n","protected":false},"excerpt":{"rendered":"<p>General Manager wechselt von Augsburg in die hessische Landeshauptstadt Wiesbaden, 16.08.2017 &#8211; Seit 2013 ist Carsten Dressler als General Manager f\u00fcr Dorint Hotels &amp; Resorts t\u00e4tig. Gestartet hat der geb\u00fcrtige Mannheimer seine Karriere mit einer Ausbildung zum Hotelfachmann im Dorint &hellip; <a href=\"https:\/\/www.tagungshotels-online.de\/blog\/2017\/08\/carsten-dressler-uebernimmt-leitung-im-dorint-pallas-wiesbaden\/\">Weiterlesen <span class=\"meta-nav\">&rarr;<\/span><\/a><\/p>\n","protected":false},"author":2,"featured_media":0,"comment_status":"closed","ping_status":"closed","sticky":false,"template":"","format":"standard","meta":{"footnotes":""},"categories":[5,7],"tags":[],"class_list":["post-4717","post","type-post","status-publish","format-standard","hentry","category-hotels","category-personalien"],"_links":{"self":[{"href":"https:\/\/www.tagungshotels-online.de\/blog\/wp-json\/wp\/v2\/posts\/4717","targetHints":{"allow":["GET"]}}],"collection":[{"href":"https:\/\/www.tagungshotels-online.de\/blog\/wp-json\/wp\/v2\/posts"}],"about":[{"href":"https:\/\/www.tagungshotels-online.de\/blog\/wp-json\/wp\/v2\/types\/post"}],"author":[{"embeddable":true,"href":"https:\/\/www.tagungshotels-online.de\/blog\/wp-json\/wp\/v2\/users\/2"}],"replies":[{"embeddable":true,"href":"https:\/\/www.tagungshotels-online.de\/blog\/wp-json\/wp\/v2\/comments?post=4717"}],"version-history":[{"count":1,"href":"https:\/\/www.tagungshotels-online.de\/blog\/wp-json\/wp\/v2\/posts\/4717\/revisions"}],"predecessor-version":[{"id":4719,"href":"https:\/\/www.tagungshotels-online.de\/blog\/wp-json\/wp\/v2\/posts\/4717\/revisions\/4719"}],"wp:attachment":[{"href":"https:\/\/www.tagungshotels-online.de\/blog\/wp-json\/wp\/v2\/media?parent=4717"}],"wp:term":[{"taxonomy":"category","embeddable":true,"href":"https:\/\/www.tagungshotels-online.de\/blog\/wp-json\/wp\/v2\/categories?post=4717"},{"taxonomy":"post_tag","embeddable":true,"href":"https:\/\/www.tagungshotels-online.de\/blog\/wp-json\/wp\/v2\/tags?post=4717"}],"curies":[{"name":"wp","href":"https:\/\/api.w.org\/{rel}","templated":true}]}}