{"id":4736,"date":"2017-09-18T13:07:21","date_gmt":"2017-09-18T11:07:21","guid":{"rendered":"https:\/\/www.tagungshotels-online.de\/blog\/?p=4736"},"modified":"2017-09-18T13:07:21","modified_gmt":"2017-09-18T11:07:21","slug":"the-westin-leipzig-investiert-4-millionen-euro-in-die-modernisierung-des-gesamten-konferenzbereiches","status":"publish","type":"post","link":"https:\/\/www.tagungshotels-online.de\/blog\/2017\/09\/the-westin-leipzig-investiert-4-millionen-euro-in-die-modernisierung-des-gesamten-konferenzbereiches\/","title":{"rendered":"The Westin Leipzig investiert 4 Millionen Euro in die Modernisierung des gesamten Konferenzbereiches"},"content":{"rendered":"<p><strong>Leipzig, September 2017<\/strong> &#8211; Die umfangreichen Renovierungsarbeiten des gesamten Veranstaltungsbereiches im Westin Leipzig sind abgeschlossen. Rund 4 Millionen Euro investierte der Eigent\u00fcmer FDM Management in das 436 Zimmer gro\u00dfe Business- und Konferenzhotel mit einer Eventfl\u00e4che von 4.000 Quadratmetern und \u00fcber 50 Tagungsr\u00e4umen.<\/p>\n<div id=\"attachment_4737\" style=\"width: 810px\" class=\"wp-caption alignleft\"><img loading=\"lazy\" decoding=\"async\" aria-describedby=\"caption-attachment-4737\" class=\"size-full wp-image-4737\" src=\"https:\/\/www.tagungshotels-online.de\/blog\/wp-content\/uploads\/2017\/09\/The-Westin-Leipzig-Ballsaal-Fotograf-Matthias-Hamel.jpg\" alt=\"\" width=\"800\" height=\"571\" srcset=\"https:\/\/www.tagungshotels-online.de\/blog\/wp-content\/uploads\/2017\/09\/The-Westin-Leipzig-Ballsaal-Fotograf-Matthias-Hamel.jpg 800w, https:\/\/www.tagungshotels-online.de\/blog\/wp-content\/uploads\/2017\/09\/The-Westin-Leipzig-Ballsaal-Fotograf-Matthias-Hamel-300x214.jpg 300w, https:\/\/www.tagungshotels-online.de\/blog\/wp-content\/uploads\/2017\/09\/The-Westin-Leipzig-Ballsaal-Fotograf-Matthias-Hamel-768x548.jpg 768w\" sizes=\"auto, (max-width: 800px) 100vw, 800px\" \/><p id=\"caption-attachment-4737\" class=\"wp-caption-text\">Ballsaal und Foyer des Westin Leipzig. (Bildnachweis: Matthias Hamel)<\/p><\/div>\n<p><strong>Designidee<\/strong><br \/>\nZiel der Renovierungsma\u00dfnahme bestand darin, die Konferenztechnik sowie die Lichttechnik auf den heute von Kunden angefragten und vorausgesetzten technischen Stand zu heben.<\/p>\n<p>\u201eDie Herausforderung war, ohne s\u00e4mtliche strukturelle und technische Elemente komplett zu eliminieren, ein neues \u201eLook and Feel\u201c zu implementieren sowie einen optisch fl\u00fcssigen \u00dcbergang von der Lobby zum Konferenzbereich zu schaffen\u201c, so die leitende Architektin Cornelia Markus-Diedenhofen.<\/p>\n<div id=\"attachment_4738\" style=\"width: 810px\" class=\"wp-caption alignleft\"><img loading=\"lazy\" decoding=\"async\" aria-describedby=\"caption-attachment-4738\" class=\"size-full wp-image-4738\" src=\"https:\/\/www.tagungshotels-online.de\/blog\/wp-content\/uploads\/2017\/09\/The-Westin-Leipzig-Ballsaalfoyer-Fotograf-Matthias-Hamel.jpg\" alt=\"\" width=\"800\" height=\"567\" srcset=\"https:\/\/www.tagungshotels-online.de\/blog\/wp-content\/uploads\/2017\/09\/The-Westin-Leipzig-Ballsaalfoyer-Fotograf-Matthias-Hamel.jpg 800w, https:\/\/www.tagungshotels-online.de\/blog\/wp-content\/uploads\/2017\/09\/The-Westin-Leipzig-Ballsaalfoyer-Fotograf-Matthias-Hamel-300x213.jpg 300w, https:\/\/www.tagungshotels-online.de\/blog\/wp-content\/uploads\/2017\/09\/The-Westin-Leipzig-Ballsaalfoyer-Fotograf-Matthias-Hamel-768x544.jpg 768w\" sizes=\"auto, (max-width: 800px) 100vw, 800px\" \/><p id=\"caption-attachment-4738\" class=\"wp-caption-text\">Ballsaal und Foyer des Westin Leipzig. (Bildnachweis: Matthias Hamel)<\/p><\/div>\n<p>In den einzelnen Meeting-Salons wurde mit Holzglanzpaneelen in verschiedenen Beiget\u00f6nen in Verbindung mit Messingelementen gearbeitet, die den R\u00e4umen eine gewisse Ruhe verleihen. Die Farbt\u00f6ne spiegeln sich auch im neuen Teppichboden wieder, zum Teil vertieft, so dass ein elegantes Gesamtbild entstand. Diese Tonigkeit zieht sich durch alle renovierten Bereiche, ebenfalls in den Ballsaal, der mit 561 Quadratmetern das Kernst\u00fcck des Konferenzbereiches ist. <!--more--><\/p>\n<p>Um die bisherige Struktur der vorhandenen Trennwandanlagen aufzul\u00f6sen, hat sich Cornelia Markus-Diedenhofen an den Ursprung des Wortes \u201eBallsaal\u201c erinnert. \u201eBallo\u201c hei\u00dft im italienischen \u201eTanz\u201c und ist der Ursprung der Wortsch\u00f6pfung und eigentlicher Nutzen eines Ballsaals gewesen. So wurde das Spielerische, Kreisende des Tanzes auf das Design der Tapete und des Teppichs, aber auch in die Ausf\u00fchrung der Beleuchtung \u00fcbersetzt. Alle Elemente ergeben nun ein leichtes und spielerisches Raumgef\u00fchl.<\/p>\n<p>\u201eWir sind damit bestens f\u00fcr alle nationalen und internationalen Unternehmen und deren Veranstaltungsg\u00e4ste ger\u00fcstet. Es macht mich stolz ab sofort unseren Kunden die Champions League f\u00fcr jegliche Veranstaltungsformate zu pr\u00e4sentieren\u201c, so General Manager Andreas Hachmeister.<\/p>\n<p><strong>Konferenz- und Lichttechnik<\/strong><br \/>\nDas neue Raumkonzept erm\u00f6glicht neben hochwertigster Tagungstechnik eine einzigartige futuristische LED-Beleuchtung. Die Leuchten in den Konferenz- und Besprechungsr\u00e4umen sorgen mit innovativer Linsentechnologie f\u00fcr eine perfekte und blendfreie Ausleuchtung. F\u00fcr ein besonderes Erlebnis, sowohl raum- als auch lichtgestalterisch, sorgen im Ballsaal 64 in unterschiedlichen H\u00f6hen abgehangene Lichtringe. LEDs in RGBW Technik lassen sich in allen Spektralfarben einstellen und dienen sowohl der stimmungsvollen Inszenierung des Raumes, als auch der Projektion einer oder mehrerer CI-Farben des jeweiligen Veranstalters.<\/p>\n<p>Ausgew\u00e4hlte Meetingr\u00e4ume wurden mit Flat Screen Monitoren, integrierten Bose Sound Bars, einem Click Share System f\u00fcr kabellose Projektionen sowie Highspeed WLAN Internetzugang ausgestattet. Zu den weiteren Neuerungen im Ballsaal geh\u00f6ren ein fest installierter Monolith f\u00fcr Gro\u00dfprojektionen, eine fest integrierte Ton- und Akustikanlage sowie die M\u00f6glichkeit, die gesamte Tagungstechnik via Tablet zu steuern. Damit sind Live-\u00dcbertragungen in alle Konferenzr\u00e4ume m\u00f6glich sowie eine \u00fcbergreifende Verkn\u00fcpfung zwischen den R\u00e4umen.<\/p>\n<p><strong>The Westin Leipzig<\/strong><br \/>\nDas Westin Leipzig, ausgezeichnet vom VDR (Verband Deutsches Reisemanagement e.V.) liegt im Herzen der Musik- und Messestadt. Es verf\u00fcgt \u00fcber 436 Zimmer und Suiten. Neben dem atemberaubenden Blick aus den G\u00e4stezimmern ist das mit zwei Michelin Sternen ausgezeichnete Gourmet-Restaurant FALCO mit Chef Peter Maria Schnurr in der 27. Etage besonders hervorzuheben. Der gro\u00dfz\u00fcgige Spa-Bereich bietet neben dem gr\u00f6\u00dften Hotelpool der Stadt, verschiedene Saunen, Infrarot-W\u00e4rmekabinen sowie ein umfangreiches Massageangebot und moderne Fitnessger\u00e4te. 4000 Quadratmeter Konferenz- und Ausstellungsfl\u00e4che mit 51 Konferenz- und Bankettr\u00e4umen, separater Seminaretage und exklusiven Boardrooms in der 27. Etage machen kleine Meetings und gro\u00dfe Tagungen mit bis zu 700 Personen m\u00f6glich.<\/p>\n<p>www.westin-leipzig.de<\/p>\n","protected":false},"excerpt":{"rendered":"<p>Leipzig, September 2017 &#8211; Die umfangreichen Renovierungsarbeiten des gesamten Veranstaltungsbereiches im Westin Leipzig sind abgeschlossen. Rund 4 Millionen Euro investierte der Eigent\u00fcmer FDM Management in das 436 Zimmer gro\u00dfe Business- und Konferenzhotel mit einer Eventfl\u00e4che von 4.000 Quadratmetern und \u00fcber &hellip; <a href=\"https:\/\/www.tagungshotels-online.de\/blog\/2017\/09\/the-westin-leipzig-investiert-4-millionen-euro-in-die-modernisierung-des-gesamten-konferenzbereiches\/\">Weiterlesen <span class=\"meta-nav\">&rarr;<\/span><\/a><\/p>\n","protected":false},"author":2,"featured_media":0,"comment_status":"closed","ping_status":"closed","sticky":false,"template":"","format":"standard","meta":{"footnotes":""},"categories":[5,8],"tags":[],"class_list":["post-4736","post","type-post","status-publish","format-standard","hentry","category-hotels","category-redaktion"],"_links":{"self":[{"href":"https:\/\/www.tagungshotels-online.de\/blog\/wp-json\/wp\/v2\/posts\/4736","targetHints":{"allow":["GET"]}}],"collection":[{"href":"https:\/\/www.tagungshotels-online.de\/blog\/wp-json\/wp\/v2\/posts"}],"about":[{"href":"https:\/\/www.tagungshotels-online.de\/blog\/wp-json\/wp\/v2\/types\/post"}],"author":[{"embeddable":true,"href":"https:\/\/www.tagungshotels-online.de\/blog\/wp-json\/wp\/v2\/users\/2"}],"replies":[{"embeddable":true,"href":"https:\/\/www.tagungshotels-online.de\/blog\/wp-json\/wp\/v2\/comments?post=4736"}],"version-history":[{"count":1,"href":"https:\/\/www.tagungshotels-online.de\/blog\/wp-json\/wp\/v2\/posts\/4736\/revisions"}],"predecessor-version":[{"id":4739,"href":"https:\/\/www.tagungshotels-online.de\/blog\/wp-json\/wp\/v2\/posts\/4736\/revisions\/4739"}],"wp:attachment":[{"href":"https:\/\/www.tagungshotels-online.de\/blog\/wp-json\/wp\/v2\/media?parent=4736"}],"wp:term":[{"taxonomy":"category","embeddable":true,"href":"https:\/\/www.tagungshotels-online.de\/blog\/wp-json\/wp\/v2\/categories?post=4736"},{"taxonomy":"post_tag","embeddable":true,"href":"https:\/\/www.tagungshotels-online.de\/blog\/wp-json\/wp\/v2\/tags?post=4736"}],"curies":[{"name":"wp","href":"https:\/\/api.w.org\/{rel}","templated":true}]}}