{"id":4748,"date":"2017-09-21T15:50:14","date_gmt":"2017-09-21T13:50:14","guid":{"rendered":"https:\/\/www.tagungshotels-online.de\/blog\/?p=4748"},"modified":"2017-09-21T15:50:14","modified_gmt":"2017-09-21T13:50:14","slug":"lufthansa-seeheim-freut-sich-ueber-die-kammerbeste-auszubildende-zur-veranstaltungskauffrau","status":"publish","type":"post","link":"https:\/\/www.tagungshotels-online.de\/blog\/2017\/09\/lufthansa-seeheim-freut-sich-ueber-die-kammerbeste-auszubildende-zur-veranstaltungskauffrau\/","title":{"rendered":"Lufthansa Seeheim freut sich \u00fcber die kammerbeste Auszubildende zur Veranstaltungskauffrau"},"content":{"rendered":"<p><strong>Seeheim, 21.09.2017<\/strong> &#8211; Lea Federlein wurde im Ausbildungsjahr 2017 von der IHK Darmstadt zur kammerbesten Auszubildenden geehrt. Im Rahmen einer Feierstunde konnte Federlein gemeinsam mit ihren Ausbildern am 20. September 2017 Ihre W\u00fcrdigung entgegennehmen. Und auch zuk\u00fcnftig wird sie das Convention Sales Team im Konferenzhotel Lufthansa Seeheim verst\u00e4rken und unterst\u00fctzen. \u201eIch freue mich sehr, dass ich weiterhin in einem so tollen und motivierten Team t\u00e4tig sein werde\u201c, so Federlein, \u201eund meine erworbenen Kenntnisse nun tagt\u00e4glich im Sinne unserer Kunden erweitern und vertiefen kann\u201c. Auch viele andere Auszubildende des gleichen Jahrgangs wurden nach der Ausbildung \u00fcbernommen.<\/p>\n<p><img loading=\"lazy\" decoding=\"async\" class=\"alignleft size-full wp-image-4749\" src=\"https:\/\/www.tagungshotels-online.de\/blog\/wp-content\/uploads\/2017\/09\/Lea-Federlein.jpg\" alt=\"\" width=\"640\" height=\"480\" srcset=\"https:\/\/www.tagungshotels-online.de\/blog\/wp-content\/uploads\/2017\/09\/Lea-Federlein.jpg 640w, https:\/\/www.tagungshotels-online.de\/blog\/wp-content\/uploads\/2017\/09\/Lea-Federlein-300x225.jpg 300w\" sizes=\"auto, (max-width: 640px) 100vw, 640px\" \/><\/p>\n<p>Lufthansa Seeheim bietet eine breite Palette an Ausbildungsberufen an. Aktuell werden dort Veranstaltungskaufleute, Hotelfachleute sowie K\u00f6che und K\u00f6chinnen ausgebildet. \u00dcber die Jahre hinweg zeigen die Auszubildenden von Lufthansa Seeheim sehr gute Leistungen in der Berufsschule sowie im Rahmen der Abschlusspr\u00fcfungen in den jeweiligen Berufen. \u00a0<!--more--><\/p>\n<p>Dies alles kommt nicht von ungef\u00e4hr &#8211; im Konferenzhotel wird viel Wert auf eine umfassende \u00dcbermittlung der notwendigen Kenntnisse gelegt. Die Auszubildenden erlernen diese Fertigkeiten nicht ausschlie\u00dflich in der Praxis oder in der Berufsschule sondern zus\u00e4tzlich im Rahmen bedarfsorientierter Fortbildungsma\u00dfnahmen. Diese f\u00fchren die Ausbildungsbeauftragten in regelm\u00e4\u00dfigen Abst\u00e4nden durch.<\/p>\n<p>Das gesamte Lufthansa Seeheim Team stellt sicher, die zuk\u00fcnftigen Fachkr\u00e4fte perfekt und umfassend auf die n\u00e4chsten Schritte im Berufsleben vorzubereiten und die Weichen f\u00fcr die Zukunft zu stellen.<\/p>\n<p><strong>Sch\u00fclerinfotage im Konferenzhotel<br \/>\n<\/strong>F\u00fcr Interessenten bietet Lufthansa Seeheim die M\u00f6glichkeit zur Teilnahme an Sch\u00fclerinfotagen. Diese finden 2 x j\u00e4hrlich im Fr\u00fchjahr und Herbst statt und sind eine gute Gelegenheit, sich Informationen zu den Ausbildungsberufen zu verschaffen. Interessierte Sch\u00fclerinnen und Sch\u00fcler von 14 bis 20 Jahren sind herzlich zur Teilnahme eingeladen. Eine Anmeldung ist erforderlich und kann auf der Website von Lufthansa Seeheim unter dem Karrierebutton get\u00e4tigt werden. Der n\u00e4chste Sch\u00fclerinfotag findet am 27. Oktober 2017 statt.<\/p>\n<p><strong><a href=\"www.lufthansa-seeheim.de\">www.lufthansa-seeheim.de<\/a><\/strong><\/p>\n","protected":false},"excerpt":{"rendered":"<p>Seeheim, 21.09.2017 &#8211; Lea Federlein wurde im Ausbildungsjahr 2017 von der IHK Darmstadt zur kammerbesten Auszubildenden geehrt. Im Rahmen einer Feierstunde konnte Federlein gemeinsam mit ihren Ausbildern am 20. September 2017 Ihre W\u00fcrdigung entgegennehmen. Und auch zuk\u00fcnftig wird sie das &hellip; <a href=\"https:\/\/www.tagungshotels-online.de\/blog\/2017\/09\/lufthansa-seeheim-freut-sich-ueber-die-kammerbeste-auszubildende-zur-veranstaltungskauffrau\/\">Weiterlesen <span class=\"meta-nav\">&rarr;<\/span><\/a><\/p>\n","protected":false},"author":2,"featured_media":0,"comment_status":"closed","ping_status":"closed","sticky":false,"template":"","format":"standard","meta":{"footnotes":""},"categories":[3,5,7],"tags":[],"class_list":["post-4748","post","type-post","status-publish","format-standard","hentry","category-auszeichnungen","category-hotels","category-personalien"],"_links":{"self":[{"href":"https:\/\/www.tagungshotels-online.de\/blog\/wp-json\/wp\/v2\/posts\/4748","targetHints":{"allow":["GET"]}}],"collection":[{"href":"https:\/\/www.tagungshotels-online.de\/blog\/wp-json\/wp\/v2\/posts"}],"about":[{"href":"https:\/\/www.tagungshotels-online.de\/blog\/wp-json\/wp\/v2\/types\/post"}],"author":[{"embeddable":true,"href":"https:\/\/www.tagungshotels-online.de\/blog\/wp-json\/wp\/v2\/users\/2"}],"replies":[{"embeddable":true,"href":"https:\/\/www.tagungshotels-online.de\/blog\/wp-json\/wp\/v2\/comments?post=4748"}],"version-history":[{"count":1,"href":"https:\/\/www.tagungshotels-online.de\/blog\/wp-json\/wp\/v2\/posts\/4748\/revisions"}],"predecessor-version":[{"id":4750,"href":"https:\/\/www.tagungshotels-online.de\/blog\/wp-json\/wp\/v2\/posts\/4748\/revisions\/4750"}],"wp:attachment":[{"href":"https:\/\/www.tagungshotels-online.de\/blog\/wp-json\/wp\/v2\/media?parent=4748"}],"wp:term":[{"taxonomy":"category","embeddable":true,"href":"https:\/\/www.tagungshotels-online.de\/blog\/wp-json\/wp\/v2\/categories?post=4748"},{"taxonomy":"post_tag","embeddable":true,"href":"https:\/\/www.tagungshotels-online.de\/blog\/wp-json\/wp\/v2\/tags?post=4748"}],"curies":[{"name":"wp","href":"https:\/\/api.w.org\/{rel}","templated":true}]}}