{"id":4763,"date":"2017-09-28T10:20:23","date_gmt":"2017-09-28T08:20:23","guid":{"rendered":"https:\/\/www.tagungshotels-online.de\/blog\/?p=4763"},"modified":"2017-09-28T10:20:23","modified_gmt":"2017-09-28T08:20:23","slug":"erste-maritim-alm-in-stuttgart","status":"publish","type":"post","link":"https:\/\/www.tagungshotels-online.de\/blog\/2017\/09\/erste-maritim-alm-in-stuttgart\/","title":{"rendered":"Erste &#8222;Maritim Alm&#8220; in Stuttgart"},"content":{"rendered":"<p><strong>Maritim Hotels, 28.09.2017<\/strong> &#8211; Ideal f\u00fcr gesellige Stunden mit Freunden, Kollegen oder der Familie: Das Maritim Hotel Stuttgart l\u00e4dt ab Mitte November in die &#8222;Maritim Alm&#8220; ein, gem\u00fctliche H\u00fcttenromantik und alpenl\u00e4ndische Spezialit\u00e4ten inklusive.<\/p>\n<p><img loading=\"lazy\" decoding=\"async\" class=\"alignleft size-full wp-image-4764\" src=\"https:\/\/www.tagungshotels-online.de\/blog\/wp-content\/uploads\/2017\/09\/Maritim-Alm-Stuttgart.jpg\" alt=\"\" width=\"670\" height=\"447\" srcset=\"https:\/\/www.tagungshotels-online.de\/blog\/wp-content\/uploads\/2017\/09\/Maritim-Alm-Stuttgart.jpg 670w, https:\/\/www.tagungshotels-online.de\/blog\/wp-content\/uploads\/2017\/09\/Maritim-Alm-Stuttgart-300x200.jpg 300w\" sizes=\"auto, (max-width: 670px) 100vw, 670px\" \/><\/p>\n<p>H\u00fcttenzauber direkt am Maritim Hotel Stuttgart: Hier \u00f6ffnet am Samstag, 18. November 2017, die erste \u201eMaritim Alm\u201c ihre T\u00fcren und sorgt f\u00fcr Alpenromantik mitten in der schw\u00e4bischen Metropole. <!--more--><\/p>\n<p>Bis Mitte Januar bietet die urige Almh\u00fctte authentische Atmosph\u00e4re und typisch alpenl\u00e4ndische K\u00f6stlichkeiten. Vom deftigen Vesperbrett \u00fcber Wildragout, Backhendl oder K\u00e4ssp\u00e4tzle bis hin zum Klassiker wie Kaiserschmarrn, dazu frisch gezapftes Stuttgarter Hofbr\u00e4u, Almdudler, ausgesuchte Weine, Tiroler Schn\u00e4pse und vieles mehr.<\/p>\n<p><img loading=\"lazy\" decoding=\"async\" class=\"alignleft size-full wp-image-4765\" src=\"https:\/\/www.tagungshotels-online.de\/blog\/wp-content\/uploads\/2017\/09\/Stilvoll-und-gemuetlich-Die-Maritim-Alm.jpg\" alt=\"\" width=\"670\" height=\"420\" srcset=\"https:\/\/www.tagungshotels-online.de\/blog\/wp-content\/uploads\/2017\/09\/Stilvoll-und-gemuetlich-Die-Maritim-Alm.jpg 670w, https:\/\/www.tagungshotels-online.de\/blog\/wp-content\/uploads\/2017\/09\/Stilvoll-und-gemuetlich-Die-Maritim-Alm-300x188.jpg 300w\" sizes=\"auto, (max-width: 670px) 100vw, 670px\" \/><\/p>\n<p>Die Maritim Alm steht externen ebenso wie Hotelg\u00e4sten offen, perfekt geeignet ist sie f\u00fcr Gruppen, f\u00fcr Weihnachtsfeiern und gem\u00fctliche Stunden mit Kollegen, Freunden oder der Familie. Buchbar sind sowohl einzelne Tische als auch die komplette Maritim Alm. Die H\u00fctte kann mit maximal 116 Sitzpl\u00e4tzen an 6er und 4er Tischen ausgestattet werden, Gruppen w\u00e4hlen zwischen Buffet und Men\u00fc, G\u00e4ste genie\u00dfen die Spezialit\u00e4ten \u00e0 la carte oder als Men\u00fc.<\/p>\n<p>Das besondere Angebot am 30. November, 6. und 21. Dezember 2017: Fondue Chinoise in der Maritim Alm. \u201eVor allem in den Wintermonaten werden stilvolle und au\u00dfergew\u00f6hnliche Orte f\u00fcr Feiern und Events gesucht. Die Maritim Alm ist deshalb die ideale Erg\u00e4nzung unserer vielf\u00e4ltigen Veranstaltungskapazit\u00e4ten und der \u00b4Reithalle` im Hause. Die Nachfrage insbesondere f\u00fcr Gruppen bis 100 Personen ist enorm \u2013 hier haben wir nun ein tolles Zusatzangebot\u201c, freut sich Alexander Buck, Direktor Maritim Hotel Stuttgart.<\/p>\n<p><img loading=\"lazy\" decoding=\"async\" class=\"alignleft size-full wp-image-4766\" src=\"https:\/\/www.tagungshotels-online.de\/blog\/wp-content\/uploads\/2017\/09\/Authentische-Huettenromantik-mitten-in-Stuttgart.jpg\" alt=\"\" width=\"670\" height=\"447\" srcset=\"https:\/\/www.tagungshotels-online.de\/blog\/wp-content\/uploads\/2017\/09\/Authentische-Huettenromantik-mitten-in-Stuttgart.jpg 670w, https:\/\/www.tagungshotels-online.de\/blog\/wp-content\/uploads\/2017\/09\/Authentische-Huettenromantik-mitten-in-Stuttgart-300x200.jpg 300w\" sizes=\"auto, (max-width: 670px) 100vw, 670px\" \/><\/p>\n<p>Die Maritim Alm ist vom 18.11.2017 bis 14. Januar 2018 immer montags bis samstags jeweils ab 18:00 Uhr ge\u00f6ffnet.Die urige Blockh\u00fctte steht dann auf dem Platz zwischen der \u201eAlten Stuttgarter Reithalle\u201c und dem Park-Fl\u00fcgel des Maritim Hotel Stuttgart mit angrenzender Liederhalle.<\/p>\n<p>Information und Reservierung unter Tel.: 0711 942-1190 oder E-Mail: meeting.stu@maritim.de.<\/p>\n","protected":false},"excerpt":{"rendered":"<p>Maritim Hotels, 28.09.2017 &#8211; Ideal f\u00fcr gesellige Stunden mit Freunden, Kollegen oder der Familie: Das Maritim Hotel Stuttgart l\u00e4dt ab Mitte November in die &#8222;Maritim Alm&#8220; ein, gem\u00fctliche H\u00fcttenromantik und alpenl\u00e4ndische Spezialit\u00e4ten inklusive. H\u00fcttenzauber direkt am Maritim Hotel Stuttgart: Hier &hellip; <a href=\"https:\/\/www.tagungshotels-online.de\/blog\/2017\/09\/erste-maritim-alm-in-stuttgart\/\">Weiterlesen <span class=\"meta-nav\">&rarr;<\/span><\/a><\/p>\n","protected":false},"author":2,"featured_media":0,"comment_status":"closed","ping_status":"closed","sticky":false,"template":"","format":"standard","meta":{"footnotes":""},"categories":[1,4,5],"tags":[],"class_list":["post-4763","post","type-post","status-publish","format-standard","hentry","category-allgemein","category-gastronomie","category-hotels"],"_links":{"self":[{"href":"https:\/\/www.tagungshotels-online.de\/blog\/wp-json\/wp\/v2\/posts\/4763","targetHints":{"allow":["GET"]}}],"collection":[{"href":"https:\/\/www.tagungshotels-online.de\/blog\/wp-json\/wp\/v2\/posts"}],"about":[{"href":"https:\/\/www.tagungshotels-online.de\/blog\/wp-json\/wp\/v2\/types\/post"}],"author":[{"embeddable":true,"href":"https:\/\/www.tagungshotels-online.de\/blog\/wp-json\/wp\/v2\/users\/2"}],"replies":[{"embeddable":true,"href":"https:\/\/www.tagungshotels-online.de\/blog\/wp-json\/wp\/v2\/comments?post=4763"}],"version-history":[{"count":1,"href":"https:\/\/www.tagungshotels-online.de\/blog\/wp-json\/wp\/v2\/posts\/4763\/revisions"}],"predecessor-version":[{"id":4767,"href":"https:\/\/www.tagungshotels-online.de\/blog\/wp-json\/wp\/v2\/posts\/4763\/revisions\/4767"}],"wp:attachment":[{"href":"https:\/\/www.tagungshotels-online.de\/blog\/wp-json\/wp\/v2\/media?parent=4763"}],"wp:term":[{"taxonomy":"category","embeddable":true,"href":"https:\/\/www.tagungshotels-online.de\/blog\/wp-json\/wp\/v2\/categories?post=4763"},{"taxonomy":"post_tag","embeddable":true,"href":"https:\/\/www.tagungshotels-online.de\/blog\/wp-json\/wp\/v2\/tags?post=4763"}],"curies":[{"name":"wp","href":"https:\/\/api.w.org\/{rel}","templated":true}]}}