{"id":4771,"date":"2017-10-04T08:17:55","date_gmt":"2017-10-04T06:17:55","guid":{"rendered":"https:\/\/www.tagungshotels-online.de\/blog\/?p=4771"},"modified":"2017-10-04T08:17:55","modified_gmt":"2017-10-04T06:17:55","slug":"karl-heinz-pawlizki-ist-ab-sofort-ceo-der-neue-dorint-gmbh","status":"publish","type":"post","link":"https:\/\/www.tagungshotels-online.de\/blog\/2017\/10\/karl-heinz-pawlizki-ist-ab-sofort-ceo-der-neue-dorint-gmbh\/","title":{"rendered":"Karl-Heinz Pawlizki ist ab sofort CEO der Neue Dorint GmbH"},"content":{"rendered":"<p><em><strong>Olaf Mertens verl\u00e4sst das Unternehmen nach erfolgreicher Sanierung<\/strong><\/em><\/p>\n<p><strong>K\u00f6ln, 04.10.2017<\/strong> &#8211; Nach Abschluss der Sanierungsphase \u00fcbernimmt mit sofortiger Wirkung Karl-Heinz Pawlizki die Position des CEO. Der bisherige Sprecher der Gesch\u00e4ftsf\u00fchrung, Olaf Mertens, zieht sich aus gesundheitlichen Gr\u00fcnden in seine Heimat R\u00fcgen zur\u00fcck. Olaf Mertens verl\u00e4sst die Neue Dorint GmbH im gegenseitigen Einvernehmen. Er hatte zuvor den Aufsichtsrat der Neue Dorint GmbH um die Entbindung von seinen Aufgaben gebeten.<\/p>\n<p>Karl-Heinz Pawlizki ist seit Mai 2014 als COO bei der Neue Dorint GmbH t\u00e4tig. Er wird das Unternehmen in eine stabile Optimierungs- und Wachstumsphase f\u00fchren. Karl-Heinz Pawlizki hat bisher das operative Hotelgesch\u00e4ft verantwortet, die neue Sparte Franchise etabliert und zugleich die internen Strukturprozesse erneuert. <!--more--><\/p>\n<p>\u201eWir bedauern das Ausscheiden von Olaf Mertens nach nunmehr sieben erfolgreichen Jahren an der Spitze des Unternehmens sehr und rechnen ihm seinen \u00fcberdurchschnittlichen Einsatz hoch an\u201c so Dirk Iserlohe, Vorstand der HONESTIS AG, zu der die Neue Dorint GmbH geh\u00f6rt, zum Ausscheiden des bisherigen CEO. \u201eOlaf Mertens war ma\u00dfgeblich an der Sanierung der Neue Dorint GmbH beteiligt. Mit ihm geht ein langj\u00e4hriger Weggef\u00e4hrte, der mit uns allen freundschaftlich verbunden bleiben wird. Wir w\u00fcnschen ihm f\u00fcr seine berufliche Zukunft auf R\u00fcgen alles Gute und weiterhin viel Erfolg\u201c.<\/p>\n<p>Als zuk\u00fcnftigen COO ab Januar 2018 konnte der Aufsichtsrat der Neue Dorint GmbH einen erfahrenen Manager mit internationalem Background gewinnen, der zurzeit ein Portfolio mit einem Umsatz managt, der mit dem der Neue Dorint GmbH vergleichbar ist.<\/p>\n<p>Die Neue Dorint GmbH mit Sitz in K\u00f6ln betreibt mit der Marke Dorint Hotels &amp; Resorts europaweit 39 H\u00e4user. Rund 3.300 Mitarbeiter in Deutschland, in den Niederlanden und in der Schweiz leben herzliche und nat\u00fcrliche Gastlichkeit. Dorint Hotels &amp; Resorts geh\u00f6rt zu den f\u00fchrenden Hotelketten auf dem deutschen Markt.<\/p>\n<p>www.dorint.com<\/p>\n","protected":false},"excerpt":{"rendered":"<p>Olaf Mertens verl\u00e4sst das Unternehmen nach erfolgreicher Sanierung K\u00f6ln, 04.10.2017 &#8211; Nach Abschluss der Sanierungsphase \u00fcbernimmt mit sofortiger Wirkung Karl-Heinz Pawlizki die Position des CEO. Der bisherige Sprecher der Gesch\u00e4ftsf\u00fchrung, Olaf Mertens, zieht sich aus gesundheitlichen Gr\u00fcnden in seine Heimat &hellip; <a href=\"https:\/\/www.tagungshotels-online.de\/blog\/2017\/10\/karl-heinz-pawlizki-ist-ab-sofort-ceo-der-neue-dorint-gmbh\/\">Weiterlesen <span class=\"meta-nav\">&rarr;<\/span><\/a><\/p>\n","protected":false},"author":2,"featured_media":0,"comment_status":"closed","ping_status":"closed","sticky":false,"template":"","format":"standard","meta":{"footnotes":""},"categories":[5,7],"tags":[],"class_list":["post-4771","post","type-post","status-publish","format-standard","hentry","category-hotels","category-personalien"],"_links":{"self":[{"href":"https:\/\/www.tagungshotels-online.de\/blog\/wp-json\/wp\/v2\/posts\/4771","targetHints":{"allow":["GET"]}}],"collection":[{"href":"https:\/\/www.tagungshotels-online.de\/blog\/wp-json\/wp\/v2\/posts"}],"about":[{"href":"https:\/\/www.tagungshotels-online.de\/blog\/wp-json\/wp\/v2\/types\/post"}],"author":[{"embeddable":true,"href":"https:\/\/www.tagungshotels-online.de\/blog\/wp-json\/wp\/v2\/users\/2"}],"replies":[{"embeddable":true,"href":"https:\/\/www.tagungshotels-online.de\/blog\/wp-json\/wp\/v2\/comments?post=4771"}],"version-history":[{"count":1,"href":"https:\/\/www.tagungshotels-online.de\/blog\/wp-json\/wp\/v2\/posts\/4771\/revisions"}],"predecessor-version":[{"id":4772,"href":"https:\/\/www.tagungshotels-online.de\/blog\/wp-json\/wp\/v2\/posts\/4771\/revisions\/4772"}],"wp:attachment":[{"href":"https:\/\/www.tagungshotels-online.de\/blog\/wp-json\/wp\/v2\/media?parent=4771"}],"wp:term":[{"taxonomy":"category","embeddable":true,"href":"https:\/\/www.tagungshotels-online.de\/blog\/wp-json\/wp\/v2\/categories?post=4771"},{"taxonomy":"post_tag","embeddable":true,"href":"https:\/\/www.tagungshotels-online.de\/blog\/wp-json\/wp\/v2\/tags?post=4771"}],"curies":[{"name":"wp","href":"https:\/\/api.w.org\/{rel}","templated":true}]}}