{"id":5684,"date":"2022-02-15T10:39:59","date_gmt":"2022-02-15T09:39:59","guid":{"rendered":"https:\/\/www.tagungshotels-online.de\/blog\/?p=5684"},"modified":"2022-03-17T13:36:32","modified_gmt":"2022-03-17T12:36:32","slug":"international-erfahrener-hotelier-uebernimmt","status":"publish","type":"post","link":"https:\/\/www.tagungshotels-online.de\/blog\/2022\/02\/international-erfahrener-hotelier-uebernimmt\/","title":{"rendered":"International erfahrener Hotelier \u00fcbernimmt:"},"content":{"rendered":"\n<p><strong>Andreas Speck-Steiger f\u00fchrt das Park Plaza Nuremberg<\/strong><\/p>\n\n\n\n<p>N\u00fcrnberg \u2013 <strong>Die Park Plaza Hotels &amp; Resorts haben die wichtigste Position im Park Plaza Nuremberg neu besetzt. Andreas Speck-Steiger hat die Stelle als neuer Direktor des 2016 er\u00f6ffneten Hotels im Herzen N\u00fcrnbergs bereits angetreten und f\u00fchrt das Haus und das Team mit neuem Schwung durch die herausfordernde Zeit.<\/strong><\/p>\n\n\n\n<figure class=\"wp-block-image size-large is-resized is-style-default\"><img loading=\"lazy\" decoding=\"async\" src=\"https:\/\/www.tagungshotels-online.de\/blog\/wp-content\/uploads\/2022\/02\/Andreas-Speck-Steiger_Pressefoto-731x1024.jpg\" alt=\"\" class=\"wp-image-5686\" width=\"366\" height=\"512\" srcset=\"https:\/\/www.tagungshotels-online.de\/blog\/wp-content\/uploads\/2022\/02\/Andreas-Speck-Steiger_Pressefoto-731x1024.jpg 731w, https:\/\/www.tagungshotels-online.de\/blog\/wp-content\/uploads\/2022\/02\/Andreas-Speck-Steiger_Pressefoto-214x300.jpg 214w, https:\/\/www.tagungshotels-online.de\/blog\/wp-content\/uploads\/2022\/02\/Andreas-Speck-Steiger_Pressefoto-768x1075.jpg 768w, https:\/\/www.tagungshotels-online.de\/blog\/wp-content\/uploads\/2022\/02\/Andreas-Speck-Steiger_Pressefoto.jpg 800w\" sizes=\"auto, (max-width: 366px) 100vw, 366px\" \/><\/figure>\n\n\n\n<p>Mit neu erworbenen Kenntnissen und F\u00e4higkeiten wechselte Andreas Speck-Steiger 2014 als Senior Manager Food and Beverage ins European Regional Office von Marriott International nach Eschborn. Mit zahlreichen Erfolgen stieg er zum Area Director of Operations auf, bevor er im Park Plaza Nuremberg die Position des General Managers \u00fcbernahm.<\/p>\n\n\n\n<!--more-->\n\n\n\n<p>Arnoud Duin, Regional General Manager der Arena Hospitality Group f\u00fcr Deutschland und Ungarn: \u201eWir freuen uns sehr, dass wir mit Andreas Speck-Steiger einen international sehr erfahrenen Hotelier mit gro\u00dfartigen F\u00e4higkeiten und Referenzen f\u00fcr unser wichtiges Hotel in N\u00fcrnberg gewinnen konnten.\u201c<\/p>\n\n\n\n<p>Andreas Speck-Steiger: \u201eIch freue mich \u00fcber das Vertrauen der Arena Hospitality Group und auf meine neue Position in N\u00fcrnberg. Das Park Plaza Nuremberg ist ein Hotel, das h\u00f6chste Anspr\u00fcche an Service, Gastronomie, Unterkunft und Tagungsm\u00f6glichkeiten erf\u00fcllt und mit einem hochmotivierten Team bei seinen G\u00e4sten punktet.\u201c<\/p>\n\n\n\n<figure class=\"wp-block-image size-full\"><img loading=\"lazy\" decoding=\"async\" width=\"1000\" height=\"710\" src=\"https:\/\/www.tagungshotels-online.de\/blog\/wp-content\/uploads\/2022\/02\/PP_NURN_114080_exterior_m-e1644917934280.jpg\" alt=\"\" class=\"wp-image-5687\" srcset=\"https:\/\/www.tagungshotels-online.de\/blog\/wp-content\/uploads\/2022\/02\/PP_NURN_114080_exterior_m-e1644917934280.jpg 1000w, https:\/\/www.tagungshotels-online.de\/blog\/wp-content\/uploads\/2022\/02\/PP_NURN_114080_exterior_m-e1644917934280-300x213.jpg 300w, https:\/\/www.tagungshotels-online.de\/blog\/wp-content\/uploads\/2022\/02\/PP_NURN_114080_exterior_m-e1644917934280-768x545.jpg 768w\" sizes=\"auto, (max-width: 1000px) 100vw, 1000px\" \/><\/figure>\n\n\n\n<p>Das Park Plaza Nuremberg er\u00f6ffnet im 2016 im ehemaligen \u201eBavarian American Hotel\u201c direkt gegen\u00fcber des N\u00fcrnberger Hauptbahnhofs. Das von Albrecht D\u00fcrer und Martin Behaim inspirierte Hotel verf\u00fcgt \u00fcber 177 modern eingerichtete Zimmer und Suiten, Restaurant, Bar und Fitnesscenter. Die sieben perfekt ausgestatteten Konferenzr\u00e4ume bieten Platz f\u00fcr bis zu 80 Tagungsg\u00e4ste.<\/p>\n\n\n\n<p><a href=\"https:\/\/www.radissonhotels.com\/de-de\/hotels\/park-plaza-nuremberg\" target=\"_blank\" rel=\"noreferrer noopener\">Homepage Park Plaza Nuremberg<\/a><\/p>\n\n\n\n<p><strong>\u00dcber die Arena Hospitality Group<\/strong><br>Arena Hospitality Group d.d. mit Hauptsitz in Pula (\u201eArena\u201c) ist ein in Kroatien, Deutschland, Ungarn, Serbien und \u00d6sterreich t\u00e4tiges Unternehmen des Hotel- und Gastgewerbes. Arenas Portfolio umfasst gegenw\u00e4rtig 29 im Eigentum oder Miteigentum stehende, gepachtete und betriebene Hotels mit mehr als 10.000 Hotelzimmern und Unterkunftseinheiten in St\u00e4dten wie Berlin, K\u00f6ln, N\u00fcrnberg, Budapest, Belgrad, Nassfeld, Zagreb sowie touristischen Zielen in Istrien. Arena hat in 18 mittel- und osteurop\u00e4ischen L\u00e4ndern ein Exklusivrecht zum Betrieb und zur Entwicklung von Hotels unter der internationalen Marke Park Plaza<sup>\u00ae<\/sup>. Die PPHE Hotel Group, eine der gr\u00f6\u00dften Eigent\u00fcmerinnen\/Betreiberinnen internationaler Markenhotels im gehobenen Marktsegment, ist die gr\u00f6\u00dfte Aktion\u00e4rin von Arena und h\u00e4lt gegenw\u00e4rtig indirekt 51,97% des Aktienkapitals. &nbsp;<\/p>\n\n\n\n<p><br><\/p>\n","protected":false},"excerpt":{"rendered":"<p>Andreas Speck-Steiger f\u00fchrt das Park Plaza Nuremberg N\u00fcrnberg \u2013 Die Park Plaza Hotels &amp; Resorts haben die wichtigste Position im Park Plaza Nuremberg neu besetzt. Andreas Speck-Steiger hat die Stelle als neuer Direktor des 2016 er\u00f6ffneten Hotels im Herzen N\u00fcrnbergs &hellip; <a href=\"https:\/\/www.tagungshotels-online.de\/blog\/2022\/02\/international-erfahrener-hotelier-uebernimmt\/\">Weiterlesen <span class=\"meta-nav\">&rarr;<\/span><\/a><\/p>\n","protected":false},"author":2,"featured_media":0,"comment_status":"closed","ping_status":"closed","sticky":false,"template":"","format":"standard","meta":{"footnotes":""},"categories":[1,5,7],"tags":[],"class_list":["post-5684","post","type-post","status-publish","format-standard","hentry","category-allgemein","category-hotels","category-personalien"],"_links":{"self":[{"href":"https:\/\/www.tagungshotels-online.de\/blog\/wp-json\/wp\/v2\/posts\/5684","targetHints":{"allow":["GET"]}}],"collection":[{"href":"https:\/\/www.tagungshotels-online.de\/blog\/wp-json\/wp\/v2\/posts"}],"about":[{"href":"https:\/\/www.tagungshotels-online.de\/blog\/wp-json\/wp\/v2\/types\/post"}],"author":[{"embeddable":true,"href":"https:\/\/www.tagungshotels-online.de\/blog\/wp-json\/wp\/v2\/users\/2"}],"replies":[{"embeddable":true,"href":"https:\/\/www.tagungshotels-online.de\/blog\/wp-json\/wp\/v2\/comments?post=5684"}],"version-history":[{"count":5,"href":"https:\/\/www.tagungshotels-online.de\/blog\/wp-json\/wp\/v2\/posts\/5684\/revisions"}],"predecessor-version":[{"id":5692,"href":"https:\/\/www.tagungshotels-online.de\/blog\/wp-json\/wp\/v2\/posts\/5684\/revisions\/5692"}],"wp:attachment":[{"href":"https:\/\/www.tagungshotels-online.de\/blog\/wp-json\/wp\/v2\/media?parent=5684"}],"wp:term":[{"taxonomy":"category","embeddable":true,"href":"https:\/\/www.tagungshotels-online.de\/blog\/wp-json\/wp\/v2\/categories?post=5684"},{"taxonomy":"post_tag","embeddable":true,"href":"https:\/\/www.tagungshotels-online.de\/blog\/wp-json\/wp\/v2\/tags?post=5684"}],"curies":[{"name":"wp","href":"https:\/\/api.w.org\/{rel}","templated":true}]}}