{"id":6072,"date":"2025-06-04T11:03:06","date_gmt":"2025-06-04T09:03:06","guid":{"rendered":"https:\/\/www.tagungshotels-online.de\/blog\/?p=6072"},"modified":"2025-06-04T11:03:06","modified_gmt":"2025-06-04T09:03:06","slug":"neue-fuehrung-fuer-das-maison-messmer-baden-baden","status":"publish","type":"post","link":"https:\/\/www.tagungshotels-online.de\/blog\/2025\/06\/neue-fuehrung-fuer-das-maison-messmer-baden-baden\/","title":{"rendered":"Neue F\u00fchrung f\u00fcr das Maison Messmer Baden-Baden"},"content":{"rendered":"\n<h2 class=\"wp-block-heading\">Caspar Wesener wird General Manager<\/h2>\n\n\n\n<p><strong>K\u00f6ln\/Baden-Baden, im Juni 2025<\/strong> &#8211; Mit Caspar Wesener hat am 1. Mai 2025 ein erfahrener Hotelier die Leitung des Maison Messmer Baden-Baden \u00fcbernommen. Zuvor hat der geb\u00fcrtige Hamburger fast f\u00fcnf Jahre als Hotel Manager die operative Leitung des Brenners Park-Hotel &amp; Spa in Baden-Baden in unmittelbarer N\u00e4he verantwortet.<\/p>\n\n\n\n<figure class=\"wp-block-image size-large\"><img loading=\"lazy\" decoding=\"async\" width=\"1024\" height=\"681\" src=\"https:\/\/www.tagungshotels-online.de\/blog\/wp-content\/uploads\/2025\/06\/Caspar-Wesener_General-Manager-Maison-Messmer-Baden-Baden_1-1024x681.jpg\" alt=\"\" class=\"wp-image-6073\" srcset=\"https:\/\/www.tagungshotels-online.de\/blog\/wp-content\/uploads\/2025\/06\/Caspar-Wesener_General-Manager-Maison-Messmer-Baden-Baden_1-1024x681.jpg 1024w, https:\/\/www.tagungshotels-online.de\/blog\/wp-content\/uploads\/2025\/06\/Caspar-Wesener_General-Manager-Maison-Messmer-Baden-Baden_1-300x200.jpg 300w, https:\/\/www.tagungshotels-online.de\/blog\/wp-content\/uploads\/2025\/06\/Caspar-Wesener_General-Manager-Maison-Messmer-Baden-Baden_1-768x511.jpg 768w, https:\/\/www.tagungshotels-online.de\/blog\/wp-content\/uploads\/2025\/06\/Caspar-Wesener_General-Manager-Maison-Messmer-Baden-Baden_1-1536x1022.jpg 1536w, https:\/\/www.tagungshotels-online.de\/blog\/wp-content\/uploads\/2025\/06\/Caspar-Wesener_General-Manager-Maison-Messmer-Baden-Baden_1-2048x1363.jpg 2048w\" sizes=\"auto, (max-width: 1024px) 100vw, 1024px\" \/><figcaption class=\"wp-element-caption\">Caspar Wesener (\u00a9 Eric Tran-Quan f\u00fcr Hommage).<\/figcaption><\/figure>\n\n\n\n<p>\u201eIch freue mich, dass wir mit Caspar Wesener einen international erfahrenen und versierten General Manager f\u00fcr unser Haus in Baden-Baden der Luxusmarke \u201eHommage Luxury Hotels Collection\u201c gewinnen konnten\u201c, so J\u00f6rg T. B\u00f6ckeler, CEO der Dorint Hotelgruppe, zu der auch die Hommage Luxury Hotels Collection geh\u00f6rt. \u201eBesonders zeichnet ihn aus, dass er bereits den Standort Baden-Baden, den Markt und die Zielgruppe des Hotels bestens kennt und so das Hotel mit strategischem Weitblick in eine erfolgreiche Zukunft f\u00fchren kann\u201c, ist B\u00f6ckeler \u00fcberzeugt.<\/p>\n\n\n\n<!--more-->\n\n\n\n<p><strong>Internationale Laufbahn<\/strong><br>Caspar Wesener hat das Hotelfach von der Pike auf gelernt und bringt umfangreiche Erfahrungen in der gehobenen Hotellerie mit.<\/p>\n\n\n\n<p>Nach seiner Ausbildung zum Hotelfachmann im Brenners Park-Hotel &amp; Spa Baden-Baden war er nach einem Studium in International Hotel &amp; Tourism Management rund 15 Jahre im Ausland in leitenden Positionen bei namhaften internationalen Hotelkonzernen wie Starwood, Mandarin Oriental und Anantara. In Mexiko-Stadt machte er Station als Restaurant Manager bevor er in Boston f\u00fcr Mandarin Oriental und im Anschluss in Thailand und China f\u00fcr Six Senses und Anantara im Food &amp; Beverage t\u00e4tig war. Im Anschluss \u00fcbernahm er f\u00fcr Kempinski Verantwortung in verschiedenen Positionen in Bratislava, Jordanien und zuletzt als Hotel Manager auf Bali.<\/p>\n\n\n\n<p>Back to the roots: 2020 kehrte Wesener nach Baden-Baden in seinen Ausbildungsbetrieb zur\u00fcck, diesmal in der Funktion des Hotel Managers. Nun der Wechsel innerhalb der bekannten Kurstadt am Fu\u00dfe des Schwarzwaldes: \u201eIch freue mich, nun Teil der Hommage-Familie sein zu d\u00fcrfen. Ich werde meine gesamte Expertise, meine gro\u00dfe Leidenschaft f\u00fcr die Luxushotellerie und mein Gesp\u00fcr f\u00fcr Qualit\u00e4t und G\u00e4stebed\u00fcrfnisse einbringen und gemeinsam mit meinem motivierten Team das Maison Messmer Baden-Baden weiter erfolgreich im Markt positionieren\u201c, freut sich Caspar Wesener auf seine neuen Aufgaben.<\/p>\n\n\n\n<figure class=\"wp-block-image size-large\"><img loading=\"lazy\" decoding=\"async\" width=\"1024\" height=\"683\" src=\"https:\/\/www.tagungshotels-online.de\/blog\/wp-content\/uploads\/2025\/06\/Hotel-Maison-Messmer-Baden-Baden_-aussen_Tag-2-1024x683.jpg\" alt=\"\" class=\"wp-image-6074\" srcset=\"https:\/\/www.tagungshotels-online.de\/blog\/wp-content\/uploads\/2025\/06\/Hotel-Maison-Messmer-Baden-Baden_-aussen_Tag-2-1024x683.jpg 1024w, https:\/\/www.tagungshotels-online.de\/blog\/wp-content\/uploads\/2025\/06\/Hotel-Maison-Messmer-Baden-Baden_-aussen_Tag-2-300x200.jpg 300w, https:\/\/www.tagungshotels-online.de\/blog\/wp-content\/uploads\/2025\/06\/Hotel-Maison-Messmer-Baden-Baden_-aussen_Tag-2-768x513.jpg 768w, https:\/\/www.tagungshotels-online.de\/blog\/wp-content\/uploads\/2025\/06\/Hotel-Maison-Messmer-Baden-Baden_-aussen_Tag-2.jpg 1500w\" sizes=\"auto, (max-width: 1024px) 100vw, 1024px\" \/><figcaption class=\"wp-element-caption\">Das Hotel \u201eMaison Messmer Baden-Baden\u201c von au\u00dfen (\u00a9 Hommage Luxury Hotels Collection\/Maison Messmer Baden-Baden) <\/figcaption><\/figure>\n\n\n\n<p><strong>\u00dcber das Maison Messmer Baden-Baden:<\/strong><br>Das Hotel mit 152 Zimmern und 11 Suiten steht auf historischem Boden und ist eine gelungene Mischung aus Tradition und Moderne. Der gro\u00dfz\u00fcgige Royal Spa verspricht Ruhe und Entspannung mit Pool, gro\u00dfz\u00fcgiger Saunalandschaft, Ruhezonen und Treatment-R\u00e4umen f\u00fcr entspannende Massagen, pflegende Body-Treatments oder Gesichtsbehandlungen. Das Hotel verf\u00fcgt au\u00dferdem \u00fcber einen Fitness-Bereich mit modernen Ger\u00e4ten und eine Yoga-Lounge f\u00fcr: \u201eDeinYOGA\u201c. Dar\u00fcber hinaus gibt es zwei Restaurants und f\u00fcr erfolgreiches Tagen und individuelle Feiern den wohl sch\u00f6nsten All der Stadt, den Malersaal.<\/p>\n\n\n\n<p><strong>\u00dcber die HOMMAGE Luxury Hotels Collection:<\/strong><br>Diese junge Lifestyle-Marke im Luxussegment wurde 2019 mit zun\u00e4chst vier H\u00e4usern gegr\u00fcndet: dem S\u00f6l\u2019ring Hof Sylt, dem Parkhotel Bremen, dem Hotel Nassauer Hof Wiesbaden und dem Maison Messmer Baden-Baden. Heute geh\u00f6ren neben dem Luxusresort Grand Tirolia Kitzb\u00fchel auch das Hotel K\u00f659 D\u00fcsseldorf dazu. Diese Luxushotels haben eins gemeinsam: eine Tradition, einen besonderen Bezug zum jeweiligen Standort, ein individuelles Ambiente und den sympathischen wie kompetenten Service der Teams. Die Hommage-G\u00e4ste sch\u00e4tzen die vielen Annehmlichkeiten auf Gesch\u00e4ftsreise oder in einem entspannten Urlaub.<\/p>\n","protected":false},"excerpt":{"rendered":"<p>Caspar Wesener wird General Manager K\u00f6ln\/Baden-Baden, im Juni 2025 &#8211; Mit Caspar Wesener hat am 1. Mai 2025 ein erfahrener Hotelier die Leitung des Maison Messmer Baden-Baden \u00fcbernommen. Zuvor hat der geb\u00fcrtige Hamburger fast f\u00fcnf Jahre als Hotel Manager die &hellip; <a href=\"https:\/\/www.tagungshotels-online.de\/blog\/2025\/06\/neue-fuehrung-fuer-das-maison-messmer-baden-baden\/\">Weiterlesen <span class=\"meta-nav\">&rarr;<\/span><\/a><\/p>\n","protected":false},"author":2,"featured_media":0,"comment_status":"closed","ping_status":"closed","sticky":false,"template":"","format":"standard","meta":{"footnotes":""},"categories":[1,5,7],"tags":[],"class_list":["post-6072","post","type-post","status-publish","format-standard","hentry","category-allgemein","category-hotels","category-personalien"],"_links":{"self":[{"href":"https:\/\/www.tagungshotels-online.de\/blog\/wp-json\/wp\/v2\/posts\/6072","targetHints":{"allow":["GET"]}}],"collection":[{"href":"https:\/\/www.tagungshotels-online.de\/blog\/wp-json\/wp\/v2\/posts"}],"about":[{"href":"https:\/\/www.tagungshotels-online.de\/blog\/wp-json\/wp\/v2\/types\/post"}],"author":[{"embeddable":true,"href":"https:\/\/www.tagungshotels-online.de\/blog\/wp-json\/wp\/v2\/users\/2"}],"replies":[{"embeddable":true,"href":"https:\/\/www.tagungshotels-online.de\/blog\/wp-json\/wp\/v2\/comments?post=6072"}],"version-history":[{"count":1,"href":"https:\/\/www.tagungshotels-online.de\/blog\/wp-json\/wp\/v2\/posts\/6072\/revisions"}],"predecessor-version":[{"id":6075,"href":"https:\/\/www.tagungshotels-online.de\/blog\/wp-json\/wp\/v2\/posts\/6072\/revisions\/6075"}],"wp:attachment":[{"href":"https:\/\/www.tagungshotels-online.de\/blog\/wp-json\/wp\/v2\/media?parent=6072"}],"wp:term":[{"taxonomy":"category","embeddable":true,"href":"https:\/\/www.tagungshotels-online.de\/blog\/wp-json\/wp\/v2\/categories?post=6072"},{"taxonomy":"post_tag","embeddable":true,"href":"https:\/\/www.tagungshotels-online.de\/blog\/wp-json\/wp\/v2\/tags?post=6072"}],"curies":[{"name":"wp","href":"https:\/\/api.w.org\/{rel}","templated":true}]}}